{"id":43,"date":"2014-03-30T11:56:05","date_gmt":"2014-03-30T10:56:05","guid":{"rendered":"http:\/\/www.valerie-molina.com\/?p=43"},"modified":"2014-03-30T13:21:23","modified_gmt":"2014-03-30T12:21:23","slug":"exposition-a-brionne","status":"publish","type":"post","link":"http:\/\/www.valerie-molina.com\/?p=43","title":{"rendered":"Exposition \u00e0 Brionne"},"content":{"rendered":"<p style=\"text-align: left;\">Je participe avec deux autres artistes \u00a0\u00bb Graciane Joly Rosier\u00a0\u00bb(Peintre) et \u00a0\u00bb Anne Sophie Piffar\u00e9tti-Rose \u00a0\u00bb ( Sculpture modelage) \u00e0 une exposition libre \u00e0 la M\u00e9diath\u00e8que de Brionne dans l&rsquo;Eure.<br \/>\nVous pourrez y voir 9 de mes cr\u00e9ations.<\/p>\n<ul>\n<li>LAUVIAH aquarelle<\/li>\n<li>CARNAVAL DE VENISE pastel<\/li>\n<li>LILI pastel<\/li>\n<li>COULEURS D&rsquo;AUTOMNE pastel<\/li>\n<li>CLEMENT A LA PLAGE aquarelle<\/li>\n<li>JOURNEE A LA MER pastel<\/li>\n<li>\u00a0LES PAPILLONS huile<\/li>\n<li>\u00a0NO PARKING aquarelle<\/li>\n<li>\u00a0ENFANT fusain<\/li>\n<\/ul>\n<p style=\"text-align: left;\">\u00a0 \u00a0 Cette exposition se d\u00e9roule du 4 Avril au 18 Avril 2013 .<br \/>\nLes jours et horaires : Mardi : 14h \u00e0 18h<br \/>\nMercredi 10h \u00e0 12.30h , 14h \u00e0 18h<br \/>\nJeudi 9h \u00e0 12h<br \/>\nVendredi 14h \u00e0 18h<br \/>\nSamedi 10h30 \u00e0 16h<br \/>\nPour tous renseignements\u00a0 contacter la M\u00e9diath\u00e8que au 02 32 47 65 40<br \/>\nmediatheque.mairie-brionne@orange.fr<\/p>\n<p style=\"text-align: left;\">\nBonne visite !<\/p>\n","protected":false},"excerpt":{"rendered":"<p>Je participe avec deux autres artistes \u00a0\u00bb Graciane Joly Rosier\u00a0\u00bb(Peintre) et \u00a0\u00bb Anne Sophie Piffar\u00e9tti-Rose \u00a0\u00bb ( Sculpture modelage) \u00e0 une exposition libre \u00e0 la M\u00e9diath\u00e8que de Brionne dans l&rsquo;Eure. Vous pourrez y voir 9 de mes cr\u00e9ations. LAUVIAH aquarelle &hellip; <a href=\"http:\/\/www.valerie-molina.com\/?p=43\">Continuer la lecture <span class=\"meta-nav\">&rarr;<\/span><\/a><\/p>\n","protected":false},"author":1,"featured_media":0,"comment_status":"closed","ping_status":"open","sticky":false,"template":"","format":"standard","meta":[],"categories":[1],"tags":[],"_links":{"self":[{"href":"http:\/\/www.valerie-molina.com\/index.php?rest_route=\/wp\/v2\/posts\/43"}],"collection":[{"href":"http:\/\/www.valerie-molina.com\/index.php?rest_route=\/wp\/v2\/posts"}],"about":[{"href":"http:\/\/www.valerie-molina.com\/index.php?rest_route=\/wp\/v2\/types\/post"}],"author":[{"embeddable":true,"href":"http:\/\/www.valerie-molina.com\/index.php?rest_route=\/wp\/v2\/users\/1"}],"replies":[{"embeddable":true,"href":"http:\/\/www.valerie-molina.com\/index.php?rest_route=%2Fwp%2Fv2%2Fcomments&post=43"}],"version-history":[{"count":1,"href":"http:\/\/www.valerie-molina.com\/index.php?rest_route=\/wp\/v2\/posts\/43\/revisions"}],"predecessor-version":[{"id":44,"href":"http:\/\/www.valerie-molina.com\/index.php?rest_route=\/wp\/v2\/posts\/43\/revisions\/44"}],"wp:attachment":[{"href":"http:\/\/www.valerie-molina.com\/index.php?rest_route=%2Fwp%2Fv2%2Fmedia&parent=43"}],"wp:term":[{"taxonomy":"category","embeddable":true,"href":"http:\/\/www.valerie-molina.com\/index.php?rest_route=%2Fwp%2Fv2%2Fcategories&post=43"},{"taxonomy":"post_tag","embeddable":true,"href":"http:\/\/www.valerie-molina.com\/index.php?rest_route=%2Fwp%2Fv2%2Ftags&post=43"}],"curies":[{"name":"wp","href":"https:\/\/api.w.org\/{rel}","templated":true}]}}